{"id":501,"date":"2014-10-08T11:15:24","date_gmt":"2014-10-08T09:15:24","guid":{"rendered":"http:\/\/www.traunreiter.at\/site\/?p=501"},"modified":"2018-06-13T10:56:03","modified_gmt":"2018-06-13T08:56:03","slug":"501","status":"publish","type":"post","link":"https:\/\/www.traunreiter.at\/site\/501\/","title":{"rendered":"Hochsteinalm"},"content":{"rendered":"<p><b>\u00a0<\/b><\/p>\n<h1>Hochsteinalm<\/h1>\n<p>&nbsp;<\/p>\n<p><strong>Fam. Ammering<\/strong><br \/>\n<strong>Hochsteinalm 1<\/strong><br \/>\n<strong>4801 Traunkirchen<\/strong><br \/>\n<strong>\u00d6STERREICH \/AUSTRIA<\/strong><\/p>\n<p>Tel: +43 664\/9875221<br \/>\nE-Mail:\u00a0<a href=\"mailto:in**@ho**********.at\" data-original-string=\"3FDttkVlcPOMpWVNsxFZvI9m\/xPQe5U\/AZs19AX0Z+Q=\" title=\"Dieser Kontakt wurde von Anti-Spam by CleanTalk verschl\u00fcsselt. Klicken Sie hier, um ihn zu entschl\u00fcsseln. Um die Entschl\u00fcsselung abzuschlie\u00dfen, stellen Sie sicher, dass JavaScript in Ihrem Browser aktiviert ist.\"><span \n                data-original-string=\"3FDttkVlcPOMpWVNsxFZvI9m\/xPQe5U\/AZs19AX0Z+Q=\"\n                class=\"apbct-email-encoder\"\n                title=\"Dieser Kontakt wurde von Anti-Spam by CleanTalk verschl\u00fcsselt. Klicken Sie hier, um ihn zu entschl\u00fcsseln. Um die Entschl\u00fcsselung abzuschlie\u00dfen, stellen Sie sicher, dass JavaScript in Ihrem Browser aktiviert ist.\"><br \/>\n        <span class=\"apbct-ee-blur-group\"><br \/>\n            <span class=\"apbct-ee-blur_email-text\">in**@ho**********.at<\/span><br \/>\n            <span class=\"apbct-ee-static-blur\"><br \/>\n                <span class=\"apbct-ee-blur apbct-ee-blur_rectangle-init\"><\/span><br \/>\n                <span class=\"apbct-ee-blur apbct-ee-blur_rectangle-soft\"><\/span><br \/>\n                <span class=\"apbct-ee-blur apbct-ee-blur_rectangle-hard\"><\/span><br \/>\n            <\/span><br \/>\n            <span class=\"apbct-ee-animate-blur\"><br \/>\n                <span class=\"apbct-ee-blur apbct-ee-blur_rectangle-init apbct-ee-blur_animate-init\"><\/span><br \/>\n                <span class=\"apbct-ee-blur apbct-ee-blur_rectangle-soft apbct-ee-blur_animate-soft \"><\/span><br \/>\n                <span class=\"apbct-ee-blur apbct-ee-blur_rectangle-hard apbct-ee-blur_animate-hard\"><\/span><br \/>\n            <\/span><br \/>\n        <\/span><br \/>\n<\/span><\/a><\/p>\n<p><a href=\"http:\/\/www.hochsteinalm.at\/\">https:\/\/www.hochsteinalm.at<\/a><\/p>\n<p><a href=\"http:\/\/www.hochsteinalm.at\/\"><strong>Von 01. Dezember bis 26. Oktober ge\u00f6ffnet<br \/>\n<\/strong><\/a><\/p>\n<p><strong>Montag und Dienstag Ruhetag, Mittwoch bis Sonntag ab 10 Uhr<\/strong><\/p>\n<p>&nbsp;<\/p>\n<p>&nbsp;<\/p>\n","protected":false},"excerpt":{"rendered":"<p>\u00a0 Hochsteinalm &nbsp; Fam. Ammering Hochsteinalm 1 4801 Traunkirchen \u00d6STERREICH \/AUSTRIA Tel: +43 664\/9875221 E-Mail:\u00a0 in**@ho**********.at https:\/\/www.hochsteinalm.at Von 01. Dezember bis 26. Oktober ge\u00f6ffnet Montag und Dienstag Ruhetag, Mittwoch bis Sonntag ab 10 Uhr &nbsp; &nbsp;<\/p>\n","protected":false},"author":2,"featured_media":503,"comment_status":"open","ping_status":"open","sticky":false,"template":"","format":"standard","meta":{"saved_in_kubio":false,"footnotes":""},"categories":[10],"tags":[],"class_list":["post-501","post","type-post","status-publish","format-standard","has-post-thumbnail","hentry","category-gastronomie"],"yoast_head":"<!-- This site is optimized with the Yoast SEO plugin v23.6 - https:\/\/yoast.com\/wordpress\/plugins\/seo\/ -->\n<title>Hochsteinalm - Traunreiter<\/title>\n<meta name=\"robots\" content=\"index, follow, max-snippet:-1, max-image-preview:large, max-video-preview:-1\" \/>\n<link rel=\"canonical\" href=\"https:\/\/www.traunreiter.at\/site\/501\/\" \/>\n<meta property=\"og:locale\" content=\"de_DE\" \/>\n<meta property=\"og:type\" content=\"article\" \/>\n<meta property=\"og:title\" content=\"Hochsteinalm - Traunreiter\" \/>\n<meta property=\"og:description\" content=\"\u00a0 Hochsteinalm &nbsp; Fam. Ammering Hochsteinalm 1 4801 Traunkirchen \u00d6STERREICH \/AUSTRIA Tel: +43 664\/9875221 E-Mail:\u00a0 in**@ho**********.at https:\/\/www.hochsteinalm.at Von 01. Dezember bis 26. Oktober ge\u00f6ffnet Montag und Dienstag Ruhetag, Mittwoch bis Sonntag ab 10 Uhr &nbsp; &nbsp;\" \/>\n<meta property=\"og:url\" content=\"https:\/\/www.traunreiter.at\/site\/501\/\" \/>\n<meta property=\"og:site_name\" content=\"Traunreiter\" \/>\n<meta property=\"article:published_time\" content=\"2014-10-08T09:15:24+00:00\" \/>\n<meta property=\"article:modified_time\" content=\"2018-06-13T08:56:03+00:00\" \/>\n<meta property=\"og:image\" content=\"https:\/\/www.traunreiter.at\/site\/wp-content\/uploads\/2014\/10\/Hochsteinalm.jpg\" \/>\n\t<meta property=\"og:image:width\" content=\"800\" \/>\n\t<meta property=\"og:image:height\" content=\"536\" \/>\n\t<meta property=\"og:image:type\" content=\"image\/jpeg\" \/>\n<meta name=\"author\" content=\"- -\" \/>\n<meta name=\"twitter:label1\" content=\"Verfasst von\" \/>\n\t<meta name=\"twitter:data1\" content=\"- -\" \/>\n<script type=\"application\/ld+json\" class=\"yoast-schema-graph\">{\"@context\":\"https:\/\/schema.org\",\"@graph\":[{\"@type\":\"Article\",\"@id\":\"https:\/\/www.traunreiter.at\/site\/501\/#article\",\"isPartOf\":{\"@id\":\"https:\/\/www.traunreiter.at\/site\/501\/\"},\"author\":{\"name\":\"- -\",\"@id\":\"https:\/\/www.traunreiter.at\/site\/#\/schema\/person\/a4588bb5034982c91bcb15751df75b7d\"},\"headline\":\"Hochsteinalm\",\"datePublished\":\"2014-10-08T09:15:24+00:00\",\"dateModified\":\"2018-06-13T08:56:03+00:00\",\"mainEntityOfPage\":{\"@id\":\"https:\/\/www.traunreiter.at\/site\/501\/\"},\"wordCount\":35,\"commentCount\":0,\"publisher\":{\"@id\":\"https:\/\/www.traunreiter.at\/site\/#organization\"},\"image\":{\"@id\":\"https:\/\/www.traunreiter.at\/site\/501\/#primaryimage\"},\"thumbnailUrl\":\"https:\/\/www.traunreiter.at\/site\/wp-content\/uploads\/2014\/10\/Hochsteinalm.jpg\",\"articleSection\":[\"Gastronomie\"],\"inLanguage\":\"de\",\"potentialAction\":[{\"@type\":\"CommentAction\",\"name\":\"Comment\",\"target\":[\"https:\/\/www.traunreiter.at\/site\/501\/#respond\"]}]},{\"@type\":\"WebPage\",\"@id\":\"https:\/\/www.traunreiter.at\/site\/501\/\",\"url\":\"https:\/\/www.traunreiter.at\/site\/501\/\",\"name\":\"Hochsteinalm - Traunreiter\",\"isPartOf\":{\"@id\":\"https:\/\/www.traunreiter.at\/site\/#website\"},\"primaryImageOfPage\":{\"@id\":\"https:\/\/www.traunreiter.at\/site\/501\/#primaryimage\"},\"image\":{\"@id\":\"https:\/\/www.traunreiter.at\/site\/501\/#primaryimage\"},\"thumbnailUrl\":\"https:\/\/www.traunreiter.at\/site\/wp-content\/uploads\/2014\/10\/Hochsteinalm.jpg\",\"datePublished\":\"2014-10-08T09:15:24+00:00\",\"dateModified\":\"2018-06-13T08:56:03+00:00\",\"breadcrumb\":{\"@id\":\"https:\/\/www.traunreiter.at\/site\/501\/#breadcrumb\"},\"inLanguage\":\"de\",\"potentialAction\":[{\"@type\":\"ReadAction\",\"target\":[\"https:\/\/www.traunreiter.at\/site\/501\/\"]}]},{\"@type\":\"ImageObject\",\"inLanguage\":\"de\",\"@id\":\"https:\/\/www.traunreiter.at\/site\/501\/#primaryimage\",\"url\":\"https:\/\/www.traunreiter.at\/site\/wp-content\/uploads\/2014\/10\/Hochsteinalm.jpg\",\"contentUrl\":\"https:\/\/www.traunreiter.at\/site\/wp-content\/uploads\/2014\/10\/Hochsteinalm.jpg\",\"width\":800,\"height\":536},{\"@type\":\"BreadcrumbList\",\"@id\":\"https:\/\/www.traunreiter.at\/site\/501\/#breadcrumb\",\"itemListElement\":[{\"@type\":\"ListItem\",\"position\":1,\"name\":\"Home\",\"item\":\"https:\/\/www.traunreiter.at\/site\/\"},{\"@type\":\"ListItem\",\"position\":2,\"name\":\"Hochsteinalm\"}]},{\"@type\":\"WebSite\",\"@id\":\"https:\/\/www.traunreiter.at\/site\/#website\",\"url\":\"https:\/\/www.traunreiter.at\/site\/\",\"name\":\"Traunreiter\",\"description\":\"Der Reitbetrieb in Ober\u00f6sterreich\",\"publisher\":{\"@id\":\"https:\/\/www.traunreiter.at\/site\/#organization\"},\"potentialAction\":[{\"@type\":\"SearchAction\",\"target\":{\"@type\":\"EntryPoint\",\"urlTemplate\":\"https:\/\/www.traunreiter.at\/site\/?s={search_term_string}\"},\"query-input\":{\"@type\":\"PropertyValueSpecification\",\"valueRequired\":true,\"valueName\":\"search_term_string\"}}],\"inLanguage\":\"de\"},{\"@type\":\"Organization\",\"@id\":\"https:\/\/www.traunreiter.at\/site\/#organization\",\"name\":\"Traunreiter\",\"url\":\"https:\/\/www.traunreiter.at\/site\/\",\"logo\":{\"@type\":\"ImageObject\",\"inLanguage\":\"de\",\"@id\":\"https:\/\/www.traunreiter.at\/site\/#\/schema\/logo\/image\/\",\"url\":\"https:\/\/www.traunreiter.at\/site\/wp-content\/uploads\/2024\/10\/logo.png\",\"contentUrl\":\"https:\/\/www.traunreiter.at\/site\/wp-content\/uploads\/2024\/10\/logo.png\",\"width\":267,\"height\":131,\"caption\":\"Traunreiter\"},\"image\":{\"@id\":\"https:\/\/www.traunreiter.at\/site\/#\/schema\/logo\/image\/\"}},{\"@type\":\"Person\",\"@id\":\"https:\/\/www.traunreiter.at\/site\/#\/schema\/person\/a4588bb5034982c91bcb15751df75b7d\",\"name\":\"- -\",\"image\":{\"@type\":\"ImageObject\",\"inLanguage\":\"de\",\"@id\":\"https:\/\/www.traunreiter.at\/site\/#\/schema\/person\/image\/\",\"url\":\"https:\/\/secure.gravatar.com\/avatar\/5332fc1c736db8019d8adccdfeef8572?s=96&d=mm&r=g\",\"contentUrl\":\"https:\/\/secure.gravatar.com\/avatar\/5332fc1c736db8019d8adccdfeef8572?s=96&d=mm&r=g\",\"caption\":\"- -\"},\"url\":\"https:\/\/www.traunreiter.at\/site\/author\/traunreiter\/\"}]}<\/script>\n<!-- \/ Yoast SEO plugin. -->","yoast_head_json":{"title":"Hochsteinalm - Traunreiter","robots":{"index":"index","follow":"follow","max-snippet":"max-snippet:-1","max-image-preview":"max-image-preview:large","max-video-preview":"max-video-preview:-1"},"canonical":"https:\/\/www.traunreiter.at\/site\/501\/","og_locale":"de_DE","og_type":"article","og_title":"Hochsteinalm - Traunreiter","og_description":"\u00a0 Hochsteinalm &nbsp; Fam. Ammering Hochsteinalm 1 4801 Traunkirchen \u00d6STERREICH \/AUSTRIA Tel: +43 664\/9875221 E-Mail:\u00a0 in**@ho**********.at https:\/\/www.hochsteinalm.at Von 01. Dezember bis 26. Oktober ge\u00f6ffnet Montag und Dienstag Ruhetag, Mittwoch bis Sonntag ab 10 Uhr &nbsp; &nbsp;","og_url":"https:\/\/www.traunreiter.at\/site\/501\/","og_site_name":"Traunreiter","article_published_time":"2014-10-08T09:15:24+00:00","article_modified_time":"2018-06-13T08:56:03+00:00","og_image":[{"width":800,"height":536,"url":"https:\/\/www.traunreiter.at\/site\/wp-content\/uploads\/2014\/10\/Hochsteinalm.jpg","type":"image\/jpeg"}],"author":"- -","twitter_misc":{"Verfasst von":"- -"},"schema":{"@context":"https:\/\/schema.org","@graph":[{"@type":"Article","@id":"https:\/\/www.traunreiter.at\/site\/501\/#article","isPartOf":{"@id":"https:\/\/www.traunreiter.at\/site\/501\/"},"author":{"name":"- -","@id":"https:\/\/www.traunreiter.at\/site\/#\/schema\/person\/a4588bb5034982c91bcb15751df75b7d"},"headline":"Hochsteinalm","datePublished":"2014-10-08T09:15:24+00:00","dateModified":"2018-06-13T08:56:03+00:00","mainEntityOfPage":{"@id":"https:\/\/www.traunreiter.at\/site\/501\/"},"wordCount":35,"commentCount":0,"publisher":{"@id":"https:\/\/www.traunreiter.at\/site\/#organization"},"image":{"@id":"https:\/\/www.traunreiter.at\/site\/501\/#primaryimage"},"thumbnailUrl":"https:\/\/www.traunreiter.at\/site\/wp-content\/uploads\/2014\/10\/Hochsteinalm.jpg","articleSection":["Gastronomie"],"inLanguage":"de","potentialAction":[{"@type":"CommentAction","name":"Comment","target":["https:\/\/www.traunreiter.at\/site\/501\/#respond"]}]},{"@type":"WebPage","@id":"https:\/\/www.traunreiter.at\/site\/501\/","url":"https:\/\/www.traunreiter.at\/site\/501\/","name":"Hochsteinalm - Traunreiter","isPartOf":{"@id":"https:\/\/www.traunreiter.at\/site\/#website"},"primaryImageOfPage":{"@id":"https:\/\/www.traunreiter.at\/site\/501\/#primaryimage"},"image":{"@id":"https:\/\/www.traunreiter.at\/site\/501\/#primaryimage"},"thumbnailUrl":"https:\/\/www.traunreiter.at\/site\/wp-content\/uploads\/2014\/10\/Hochsteinalm.jpg","datePublished":"2014-10-08T09:15:24+00:00","dateModified":"2018-06-13T08:56:03+00:00","breadcrumb":{"@id":"https:\/\/www.traunreiter.at\/site\/501\/#breadcrumb"},"inLanguage":"de","potentialAction":[{"@type":"ReadAction","target":["https:\/\/www.traunreiter.at\/site\/501\/"]}]},{"@type":"ImageObject","inLanguage":"de","@id":"https:\/\/www.traunreiter.at\/site\/501\/#primaryimage","url":"https:\/\/www.traunreiter.at\/site\/wp-content\/uploads\/2014\/10\/Hochsteinalm.jpg","contentUrl":"https:\/\/www.traunreiter.at\/site\/wp-content\/uploads\/2014\/10\/Hochsteinalm.jpg","width":800,"height":536},{"@type":"BreadcrumbList","@id":"https:\/\/www.traunreiter.at\/site\/501\/#breadcrumb","itemListElement":[{"@type":"ListItem","position":1,"name":"Home","item":"https:\/\/www.traunreiter.at\/site\/"},{"@type":"ListItem","position":2,"name":"Hochsteinalm"}]},{"@type":"WebSite","@id":"https:\/\/www.traunreiter.at\/site\/#website","url":"https:\/\/www.traunreiter.at\/site\/","name":"Traunreiter","description":"Der Reitbetrieb in Ober\u00f6sterreich","publisher":{"@id":"https:\/\/www.traunreiter.at\/site\/#organization"},"potentialAction":[{"@type":"SearchAction","target":{"@type":"EntryPoint","urlTemplate":"https:\/\/www.traunreiter.at\/site\/?s={search_term_string}"},"query-input":{"@type":"PropertyValueSpecification","valueRequired":true,"valueName":"search_term_string"}}],"inLanguage":"de"},{"@type":"Organization","@id":"https:\/\/www.traunreiter.at\/site\/#organization","name":"Traunreiter","url":"https:\/\/www.traunreiter.at\/site\/","logo":{"@type":"ImageObject","inLanguage":"de","@id":"https:\/\/www.traunreiter.at\/site\/#\/schema\/logo\/image\/","url":"https:\/\/www.traunreiter.at\/site\/wp-content\/uploads\/2024\/10\/logo.png","contentUrl":"https:\/\/www.traunreiter.at\/site\/wp-content\/uploads\/2024\/10\/logo.png","width":267,"height":131,"caption":"Traunreiter"},"image":{"@id":"https:\/\/www.traunreiter.at\/site\/#\/schema\/logo\/image\/"}},{"@type":"Person","@id":"https:\/\/www.traunreiter.at\/site\/#\/schema\/person\/a4588bb5034982c91bcb15751df75b7d","name":"- -","image":{"@type":"ImageObject","inLanguage":"de","@id":"https:\/\/www.traunreiter.at\/site\/#\/schema\/person\/image\/","url":"https:\/\/secure.gravatar.com\/avatar\/5332fc1c736db8019d8adccdfeef8572?s=96&d=mm&r=g","contentUrl":"https:\/\/secure.gravatar.com\/avatar\/5332fc1c736db8019d8adccdfeef8572?s=96&d=mm&r=g","caption":"- -"},"url":"https:\/\/www.traunreiter.at\/site\/author\/traunreiter\/"}]}},"_links":{"self":[{"href":"https:\/\/www.traunreiter.at\/site\/wp-json\/wp\/v2\/posts\/501"}],"collection":[{"href":"https:\/\/www.traunreiter.at\/site\/wp-json\/wp\/v2\/posts"}],"about":[{"href":"https:\/\/www.traunreiter.at\/site\/wp-json\/wp\/v2\/types\/post"}],"author":[{"embeddable":true,"href":"https:\/\/www.traunreiter.at\/site\/wp-json\/wp\/v2\/users\/2"}],"replies":[{"embeddable":true,"href":"https:\/\/www.traunreiter.at\/site\/wp-json\/wp\/v2\/comments?post=501"}],"version-history":[{"count":4,"href":"https:\/\/www.traunreiter.at\/site\/wp-json\/wp\/v2\/posts\/501\/revisions"}],"predecessor-version":[{"id":575,"href":"https:\/\/www.traunreiter.at\/site\/wp-json\/wp\/v2\/posts\/501\/revisions\/575"}],"wp:featuredmedia":[{"embeddable":true,"href":"https:\/\/www.traunreiter.at\/site\/wp-json\/wp\/v2\/media\/503"}],"wp:attachment":[{"href":"https:\/\/www.traunreiter.at\/site\/wp-json\/wp\/v2\/media?parent=501"}],"wp:term":[{"taxonomy":"category","embeddable":true,"href":"https:\/\/www.traunreiter.at\/site\/wp-json\/wp\/v2\/categories?post=501"},{"taxonomy":"post_tag","embeddable":true,"href":"https:\/\/www.traunreiter.at\/site\/wp-json\/wp\/v2\/tags?post=501"}],"curies":[{"name":"wp","href":"https:\/\/api.w.org\/{rel}","templated":true}]}}