{"id":505,"date":"2014-10-08T11:26:54","date_gmt":"2014-10-08T09:26:54","guid":{"rendered":"http:\/\/www.traunreiter.at\/site\/?p=505"},"modified":"2018-06-13T10:55:11","modified_gmt":"2018-06-13T08:55:11","slug":"gasthaus-zur-kreh","status":"publish","type":"post","link":"https:\/\/www.traunreiter.at\/site\/gasthaus-zur-kreh\/","title":{"rendered":"Gasthaus ZUR KREH"},"content":{"rendered":"<p><span class=\"Apple-style-span\">Gasthaus zur Kreh&#8230;<br \/>\nLangbathsee 1<br \/>\n4802 Ebensee<br \/>\nTel.: +43(0)6133-6235<\/span><\/p>\n<p>Email:\u00a0<a href=\"mailto:kr**@ho****************.at\" data-original-string=\"2TJvwa7uFMlyXbWfO9KFFZAvVTnduTEHBfae3ZnsZeY=\" title=\"Dieser Kontakt wurde von Anti-Spam by CleanTalk verschl\u00fcsselt. Klicken Sie hier, um ihn zu entschl\u00fcsseln. Um die Entschl\u00fcsselung abzuschlie\u00dfen, stellen Sie sicher, dass JavaScript in Ihrem Browser aktiviert ist.\"><span style=\"text-decoration: underline;\"><span \n                data-original-string=\"2TJvwa7uFMlyXbWfO9KFFZAvVTnduTEHBfae3ZnsZeY=\"\n                class=\"apbct-email-encoder\"\n                title=\"Dieser Kontakt wurde von Anti-Spam by CleanTalk verschl\u00fcsselt. Klicken Sie hier, um ihn zu entschl\u00fcsseln. Um die Entschl\u00fcsselung abzuschlie\u00dfen, stellen Sie sicher, dass JavaScript in Ihrem Browser aktiviert ist.\"><br \/>\n        <span class=\"apbct-ee-blur-group\"><br \/>\n            <span class=\"apbct-ee-blur_email-text\">kr**@ho****************.at<\/span><br \/>\n            <span class=\"apbct-ee-static-blur\"><br \/>\n                <span class=\"apbct-ee-blur apbct-ee-blur_rectangle-init\"><\/span><br \/>\n                <span class=\"apbct-ee-blur apbct-ee-blur_rectangle-soft\"><\/span><br \/>\n                <span class=\"apbct-ee-blur apbct-ee-blur_rectangle-hard\"><\/span><br \/>\n            <\/span><br \/>\n            <span class=\"apbct-ee-animate-blur\"><br \/>\n                <span class=\"apbct-ee-blur apbct-ee-blur_rectangle-init apbct-ee-blur_animate-init\"><\/span><br \/>\n                <span class=\"apbct-ee-blur apbct-ee-blur_rectangle-soft apbct-ee-blur_animate-soft \"><\/span><br \/>\n                <span class=\"apbct-ee-blur apbct-ee-blur_rectangle-hard apbct-ee-blur_animate-hard\"><\/span><br \/>\n            <\/span><br \/>\n        <\/span><br \/>\n<\/span><\/span><\/a><\/p>\n<p>&nbsp;<\/p>\n<p><a href=\"http:\/\/www.hotel-post-ebensee.at\/de\/kreh.html\">https:\/\/www.hotel-post-ebensee.at\/de\/kreh.html<\/a><\/p>\n","protected":false},"excerpt":{"rendered":"<p>Gasthaus zur Kreh&#8230; Langbathsee 1 4802 Ebensee Tel.: +43(0)6133-6235 Email:\u00a0 kr**@ho****************.at &nbsp; https:\/\/www.hotel-post-ebensee.at\/de\/kreh.html<\/p>\n","protected":false},"author":2,"featured_media":506,"comment_status":"open","ping_status":"open","sticky":false,"template":"","format":"standard","meta":{"saved_in_kubio":false,"footnotes":""},"categories":[10],"tags":[],"class_list":["post-505","post","type-post","status-publish","format-standard","has-post-thumbnail","hentry","category-gastronomie"],"yoast_head":"<!-- This site is optimized with the Yoast SEO plugin v23.6 - https:\/\/yoast.com\/wordpress\/plugins\/seo\/ -->\n<title>Gasthaus ZUR KREH - Traunreiter<\/title>\n<meta name=\"robots\" content=\"index, follow, max-snippet:-1, max-image-preview:large, max-video-preview:-1\" \/>\n<link rel=\"canonical\" href=\"https:\/\/www.traunreiter.at\/site\/gasthaus-zur-kreh\/\" \/>\n<meta property=\"og:locale\" content=\"de_DE\" \/>\n<meta property=\"og:type\" content=\"article\" \/>\n<meta property=\"og:title\" content=\"Gasthaus ZUR KREH - Traunreiter\" \/>\n<meta property=\"og:description\" content=\"Gasthaus zur Kreh&#8230; Langbathsee 1 4802 Ebensee Tel.: +43(0)6133-6235 Email:\u00a0 kr**@ho****************.at &nbsp; https:\/\/www.hotel-post-ebensee.at\/de\/kreh.html\" \/>\n<meta property=\"og:url\" content=\"https:\/\/www.traunreiter.at\/site\/gasthaus-zur-kreh\/\" \/>\n<meta property=\"og:site_name\" content=\"Traunreiter\" \/>\n<meta property=\"article:published_time\" content=\"2014-10-08T09:26:54+00:00\" \/>\n<meta property=\"article:modified_time\" content=\"2018-06-13T08:55:11+00:00\" \/>\n<meta property=\"og:image\" content=\"https:\/\/www.traunreiter.at\/site\/wp-content\/uploads\/2014\/10\/kreh_aussen.jpg\" \/>\n\t<meta property=\"og:image:width\" content=\"250\" \/>\n\t<meta property=\"og:image:height\" content=\"163\" \/>\n\t<meta property=\"og:image:type\" content=\"image\/jpeg\" \/>\n<meta name=\"author\" content=\"- -\" \/>\n<meta name=\"twitter:label1\" content=\"Verfasst von\" \/>\n\t<meta name=\"twitter:data1\" content=\"- -\" \/>\n<script type=\"application\/ld+json\" class=\"yoast-schema-graph\">{\"@context\":\"https:\/\/schema.org\",\"@graph\":[{\"@type\":\"Article\",\"@id\":\"https:\/\/www.traunreiter.at\/site\/gasthaus-zur-kreh\/#article\",\"isPartOf\":{\"@id\":\"https:\/\/www.traunreiter.at\/site\/gasthaus-zur-kreh\/\"},\"author\":{\"name\":\"- -\",\"@id\":\"https:\/\/www.traunreiter.at\/site\/#\/schema\/person\/a4588bb5034982c91bcb15751df75b7d\"},\"headline\":\"Gasthaus ZUR KREH\",\"datePublished\":\"2014-10-08T09:26:54+00:00\",\"dateModified\":\"2018-06-13T08:55:11+00:00\",\"mainEntityOfPage\":{\"@id\":\"https:\/\/www.traunreiter.at\/site\/gasthaus-zur-kreh\/\"},\"wordCount\":22,\"commentCount\":0,\"publisher\":{\"@id\":\"https:\/\/www.traunreiter.at\/site\/#organization\"},\"image\":{\"@id\":\"https:\/\/www.traunreiter.at\/site\/gasthaus-zur-kreh\/#primaryimage\"},\"thumbnailUrl\":\"https:\/\/www.traunreiter.at\/site\/wp-content\/uploads\/2014\/10\/kreh_aussen.jpg\",\"articleSection\":[\"Gastronomie\"],\"inLanguage\":\"de\",\"potentialAction\":[{\"@type\":\"CommentAction\",\"name\":\"Comment\",\"target\":[\"https:\/\/www.traunreiter.at\/site\/gasthaus-zur-kreh\/#respond\"]}]},{\"@type\":\"WebPage\",\"@id\":\"https:\/\/www.traunreiter.at\/site\/gasthaus-zur-kreh\/\",\"url\":\"https:\/\/www.traunreiter.at\/site\/gasthaus-zur-kreh\/\",\"name\":\"Gasthaus ZUR KREH - Traunreiter\",\"isPartOf\":{\"@id\":\"https:\/\/www.traunreiter.at\/site\/#website\"},\"primaryImageOfPage\":{\"@id\":\"https:\/\/www.traunreiter.at\/site\/gasthaus-zur-kreh\/#primaryimage\"},\"image\":{\"@id\":\"https:\/\/www.traunreiter.at\/site\/gasthaus-zur-kreh\/#primaryimage\"},\"thumbnailUrl\":\"https:\/\/www.traunreiter.at\/site\/wp-content\/uploads\/2014\/10\/kreh_aussen.jpg\",\"datePublished\":\"2014-10-08T09:26:54+00:00\",\"dateModified\":\"2018-06-13T08:55:11+00:00\",\"breadcrumb\":{\"@id\":\"https:\/\/www.traunreiter.at\/site\/gasthaus-zur-kreh\/#breadcrumb\"},\"inLanguage\":\"de\",\"potentialAction\":[{\"@type\":\"ReadAction\",\"target\":[\"https:\/\/www.traunreiter.at\/site\/gasthaus-zur-kreh\/\"]}]},{\"@type\":\"ImageObject\",\"inLanguage\":\"de\",\"@id\":\"https:\/\/www.traunreiter.at\/site\/gasthaus-zur-kreh\/#primaryimage\",\"url\":\"https:\/\/www.traunreiter.at\/site\/wp-content\/uploads\/2014\/10\/kreh_aussen.jpg\",\"contentUrl\":\"https:\/\/www.traunreiter.at\/site\/wp-content\/uploads\/2014\/10\/kreh_aussen.jpg\",\"width\":250,\"height\":163},{\"@type\":\"BreadcrumbList\",\"@id\":\"https:\/\/www.traunreiter.at\/site\/gasthaus-zur-kreh\/#breadcrumb\",\"itemListElement\":[{\"@type\":\"ListItem\",\"position\":1,\"name\":\"Home\",\"item\":\"https:\/\/www.traunreiter.at\/site\/\"},{\"@type\":\"ListItem\",\"position\":2,\"name\":\"Gasthaus ZUR KREH\"}]},{\"@type\":\"WebSite\",\"@id\":\"https:\/\/www.traunreiter.at\/site\/#website\",\"url\":\"https:\/\/www.traunreiter.at\/site\/\",\"name\":\"Traunreiter\",\"description\":\"Der Reitbetrieb in Ober\u00f6sterreich\",\"publisher\":{\"@id\":\"https:\/\/www.traunreiter.at\/site\/#organization\"},\"potentialAction\":[{\"@type\":\"SearchAction\",\"target\":{\"@type\":\"EntryPoint\",\"urlTemplate\":\"https:\/\/www.traunreiter.at\/site\/?s={search_term_string}\"},\"query-input\":{\"@type\":\"PropertyValueSpecification\",\"valueRequired\":true,\"valueName\":\"search_term_string\"}}],\"inLanguage\":\"de\"},{\"@type\":\"Organization\",\"@id\":\"https:\/\/www.traunreiter.at\/site\/#organization\",\"name\":\"Traunreiter\",\"url\":\"https:\/\/www.traunreiter.at\/site\/\",\"logo\":{\"@type\":\"ImageObject\",\"inLanguage\":\"de\",\"@id\":\"https:\/\/www.traunreiter.at\/site\/#\/schema\/logo\/image\/\",\"url\":\"https:\/\/www.traunreiter.at\/site\/wp-content\/uploads\/2024\/10\/logo.png\",\"contentUrl\":\"https:\/\/www.traunreiter.at\/site\/wp-content\/uploads\/2024\/10\/logo.png\",\"width\":267,\"height\":131,\"caption\":\"Traunreiter\"},\"image\":{\"@id\":\"https:\/\/www.traunreiter.at\/site\/#\/schema\/logo\/image\/\"}},{\"@type\":\"Person\",\"@id\":\"https:\/\/www.traunreiter.at\/site\/#\/schema\/person\/a4588bb5034982c91bcb15751df75b7d\",\"name\":\"- -\",\"image\":{\"@type\":\"ImageObject\",\"inLanguage\":\"de\",\"@id\":\"https:\/\/www.traunreiter.at\/site\/#\/schema\/person\/image\/\",\"url\":\"https:\/\/secure.gravatar.com\/avatar\/5332fc1c736db8019d8adccdfeef8572?s=96&d=mm&r=g\",\"contentUrl\":\"https:\/\/secure.gravatar.com\/avatar\/5332fc1c736db8019d8adccdfeef8572?s=96&d=mm&r=g\",\"caption\":\"- -\"},\"url\":\"https:\/\/www.traunreiter.at\/site\/author\/traunreiter\/\"}]}<\/script>\n<!-- \/ Yoast SEO plugin. -->","yoast_head_json":{"title":"Gasthaus ZUR KREH - Traunreiter","robots":{"index":"index","follow":"follow","max-snippet":"max-snippet:-1","max-image-preview":"max-image-preview:large","max-video-preview":"max-video-preview:-1"},"canonical":"https:\/\/www.traunreiter.at\/site\/gasthaus-zur-kreh\/","og_locale":"de_DE","og_type":"article","og_title":"Gasthaus ZUR KREH - Traunreiter","og_description":"Gasthaus zur Kreh&#8230; Langbathsee 1 4802 Ebensee Tel.: +43(0)6133-6235 Email:\u00a0 kr**@ho****************.at &nbsp; https:\/\/www.hotel-post-ebensee.at\/de\/kreh.html","og_url":"https:\/\/www.traunreiter.at\/site\/gasthaus-zur-kreh\/","og_site_name":"Traunreiter","article_published_time":"2014-10-08T09:26:54+00:00","article_modified_time":"2018-06-13T08:55:11+00:00","og_image":[{"width":250,"height":163,"url":"https:\/\/www.traunreiter.at\/site\/wp-content\/uploads\/2014\/10\/kreh_aussen.jpg","type":"image\/jpeg"}],"author":"- -","twitter_misc":{"Verfasst von":"- -"},"schema":{"@context":"https:\/\/schema.org","@graph":[{"@type":"Article","@id":"https:\/\/www.traunreiter.at\/site\/gasthaus-zur-kreh\/#article","isPartOf":{"@id":"https:\/\/www.traunreiter.at\/site\/gasthaus-zur-kreh\/"},"author":{"name":"- -","@id":"https:\/\/www.traunreiter.at\/site\/#\/schema\/person\/a4588bb5034982c91bcb15751df75b7d"},"headline":"Gasthaus ZUR KREH","datePublished":"2014-10-08T09:26:54+00:00","dateModified":"2018-06-13T08:55:11+00:00","mainEntityOfPage":{"@id":"https:\/\/www.traunreiter.at\/site\/gasthaus-zur-kreh\/"},"wordCount":22,"commentCount":0,"publisher":{"@id":"https:\/\/www.traunreiter.at\/site\/#organization"},"image":{"@id":"https:\/\/www.traunreiter.at\/site\/gasthaus-zur-kreh\/#primaryimage"},"thumbnailUrl":"https:\/\/www.traunreiter.at\/site\/wp-content\/uploads\/2014\/10\/kreh_aussen.jpg","articleSection":["Gastronomie"],"inLanguage":"de","potentialAction":[{"@type":"CommentAction","name":"Comment","target":["https:\/\/www.traunreiter.at\/site\/gasthaus-zur-kreh\/#respond"]}]},{"@type":"WebPage","@id":"https:\/\/www.traunreiter.at\/site\/gasthaus-zur-kreh\/","url":"https:\/\/www.traunreiter.at\/site\/gasthaus-zur-kreh\/","name":"Gasthaus ZUR KREH - Traunreiter","isPartOf":{"@id":"https:\/\/www.traunreiter.at\/site\/#website"},"primaryImageOfPage":{"@id":"https:\/\/www.traunreiter.at\/site\/gasthaus-zur-kreh\/#primaryimage"},"image":{"@id":"https:\/\/www.traunreiter.at\/site\/gasthaus-zur-kreh\/#primaryimage"},"thumbnailUrl":"https:\/\/www.traunreiter.at\/site\/wp-content\/uploads\/2014\/10\/kreh_aussen.jpg","datePublished":"2014-10-08T09:26:54+00:00","dateModified":"2018-06-13T08:55:11+00:00","breadcrumb":{"@id":"https:\/\/www.traunreiter.at\/site\/gasthaus-zur-kreh\/#breadcrumb"},"inLanguage":"de","potentialAction":[{"@type":"ReadAction","target":["https:\/\/www.traunreiter.at\/site\/gasthaus-zur-kreh\/"]}]},{"@type":"ImageObject","inLanguage":"de","@id":"https:\/\/www.traunreiter.at\/site\/gasthaus-zur-kreh\/#primaryimage","url":"https:\/\/www.traunreiter.at\/site\/wp-content\/uploads\/2014\/10\/kreh_aussen.jpg","contentUrl":"https:\/\/www.traunreiter.at\/site\/wp-content\/uploads\/2014\/10\/kreh_aussen.jpg","width":250,"height":163},{"@type":"BreadcrumbList","@id":"https:\/\/www.traunreiter.at\/site\/gasthaus-zur-kreh\/#breadcrumb","itemListElement":[{"@type":"ListItem","position":1,"name":"Home","item":"https:\/\/www.traunreiter.at\/site\/"},{"@type":"ListItem","position":2,"name":"Gasthaus ZUR KREH"}]},{"@type":"WebSite","@id":"https:\/\/www.traunreiter.at\/site\/#website","url":"https:\/\/www.traunreiter.at\/site\/","name":"Traunreiter","description":"Der Reitbetrieb in Ober\u00f6sterreich","publisher":{"@id":"https:\/\/www.traunreiter.at\/site\/#organization"},"potentialAction":[{"@type":"SearchAction","target":{"@type":"EntryPoint","urlTemplate":"https:\/\/www.traunreiter.at\/site\/?s={search_term_string}"},"query-input":{"@type":"PropertyValueSpecification","valueRequired":true,"valueName":"search_term_string"}}],"inLanguage":"de"},{"@type":"Organization","@id":"https:\/\/www.traunreiter.at\/site\/#organization","name":"Traunreiter","url":"https:\/\/www.traunreiter.at\/site\/","logo":{"@type":"ImageObject","inLanguage":"de","@id":"https:\/\/www.traunreiter.at\/site\/#\/schema\/logo\/image\/","url":"https:\/\/www.traunreiter.at\/site\/wp-content\/uploads\/2024\/10\/logo.png","contentUrl":"https:\/\/www.traunreiter.at\/site\/wp-content\/uploads\/2024\/10\/logo.png","width":267,"height":131,"caption":"Traunreiter"},"image":{"@id":"https:\/\/www.traunreiter.at\/site\/#\/schema\/logo\/image\/"}},{"@type":"Person","@id":"https:\/\/www.traunreiter.at\/site\/#\/schema\/person\/a4588bb5034982c91bcb15751df75b7d","name":"- -","image":{"@type":"ImageObject","inLanguage":"de","@id":"https:\/\/www.traunreiter.at\/site\/#\/schema\/person\/image\/","url":"https:\/\/secure.gravatar.com\/avatar\/5332fc1c736db8019d8adccdfeef8572?s=96&d=mm&r=g","contentUrl":"https:\/\/secure.gravatar.com\/avatar\/5332fc1c736db8019d8adccdfeef8572?s=96&d=mm&r=g","caption":"- -"},"url":"https:\/\/www.traunreiter.at\/site\/author\/traunreiter\/"}]}},"_links":{"self":[{"href":"https:\/\/www.traunreiter.at\/site\/wp-json\/wp\/v2\/posts\/505"}],"collection":[{"href":"https:\/\/www.traunreiter.at\/site\/wp-json\/wp\/v2\/posts"}],"about":[{"href":"https:\/\/www.traunreiter.at\/site\/wp-json\/wp\/v2\/types\/post"}],"author":[{"embeddable":true,"href":"https:\/\/www.traunreiter.at\/site\/wp-json\/wp\/v2\/users\/2"}],"replies":[{"embeddable":true,"href":"https:\/\/www.traunreiter.at\/site\/wp-json\/wp\/v2\/comments?post=505"}],"version-history":[{"count":3,"href":"https:\/\/www.traunreiter.at\/site\/wp-json\/wp\/v2\/posts\/505\/revisions"}],"predecessor-version":[{"id":574,"href":"https:\/\/www.traunreiter.at\/site\/wp-json\/wp\/v2\/posts\/505\/revisions\/574"}],"wp:featuredmedia":[{"embeddable":true,"href":"https:\/\/www.traunreiter.at\/site\/wp-json\/wp\/v2\/media\/506"}],"wp:attachment":[{"href":"https:\/\/www.traunreiter.at\/site\/wp-json\/wp\/v2\/media?parent=505"}],"wp:term":[{"taxonomy":"category","embeddable":true,"href":"https:\/\/www.traunreiter.at\/site\/wp-json\/wp\/v2\/categories?post=505"},{"taxonomy":"post_tag","embeddable":true,"href":"https:\/\/www.traunreiter.at\/site\/wp-json\/wp\/v2\/tags?post=505"}],"curies":[{"name":"wp","href":"https:\/\/api.w.org\/{rel}","templated":true}]}}