{"id":94,"date":"2013-05-29T16:53:43","date_gmt":"2013-05-29T14:53:43","guid":{"rendered":"http:\/\/www.traunreiter.at\/site\/?p=94"},"modified":"2020-05-16T11:54:19","modified_gmt":"2020-05-16T09:54:19","slug":"landschaft-idylle","status":"publish","type":"post","link":"https:\/\/www.traunreiter.at\/site\/landschaft-idylle\/","title":{"rendered":"Landschaft &#038; Idylle"},"content":{"rendered":"<p>Das landschaftlich abwechslungsreiche Gebiet des Alpenvorlands ist hervorragend als Reitregion geeignet. Die Fl\u00fcsse V\u00f6ckla, Ager und Traun und die Seen erstrecken sich entlang der 680 km langen Route. In der Reitlandkarte finden Sie neben den Wegen auch Gasth\u00f6fe, Unterk\u00fcnfte und Sehensw\u00fcrdigkeiten, damit Ihr Ritt im Gebiet der Traunreiter zum unvergesslichen Erlebnis und Sie zum Traumreiter werden.<\/p>\n<p>&nbsp;<\/p>\n<p><a href=\"https:\/\/www.plus-agency.at\"><img loading=\"lazy\" decoding=\"async\" class=\"alignnone size-full wp-image-401\" src=\"https:\/\/www.traunreiter.at\/site\/wp-content\/uploads\/2013\/05\/plus14_Banner_600x80.gif\" alt=\"plus14_Banner_600x80\" width=\"320\" height=\"43\" \/><\/a><\/p>\n","protected":false},"excerpt":{"rendered":"<p>Das landschaftlich abwechslungsreiche Gebiet des Alpenvorlands ist hervorragend als Reitregion geeignet. Die Fl\u00fcsse V\u00f6ckla, Ager und Traun und die Seen erstrecken sich entlang der 680 km langen Route. In der Reitlandkarte finden Sie neben den Wegen auch Gasth\u00f6fe, Unterk\u00fcnfte und Sehensw\u00fcrdigkeiten, damit Ihr Ritt im Gebiet der Traunreiter zum unvergesslichen Erlebnis und Sie zum Traumreiter [&hellip;]<\/p>\n","protected":false},"author":1,"featured_media":42,"comment_status":"open","ping_status":"open","sticky":false,"template":"","format":"standard","meta":{"saved_in_kubio":false,"footnotes":""},"categories":[8],"tags":[],"class_list":["post-94","post","type-post","status-publish","format-standard","has-post-thumbnail","hentry","category-home"],"yoast_head":"<!-- This site is optimized with the Yoast SEO plugin v23.6 - https:\/\/yoast.com\/wordpress\/plugins\/seo\/ -->\n<title>Landschaft &amp; Idylle - Traunreiter<\/title>\n<meta name=\"robots\" content=\"index, follow, max-snippet:-1, max-image-preview:large, max-video-preview:-1\" \/>\n<link rel=\"canonical\" href=\"https:\/\/www.traunreiter.at\/site\/landschaft-idylle\/\" \/>\n<meta property=\"og:locale\" content=\"de_DE\" \/>\n<meta property=\"og:type\" content=\"article\" \/>\n<meta property=\"og:title\" content=\"Landschaft &amp; Idylle - Traunreiter\" \/>\n<meta property=\"og:description\" content=\"Das landschaftlich abwechslungsreiche Gebiet des Alpenvorlands ist hervorragend als Reitregion geeignet. Die Fl\u00fcsse V\u00f6ckla, Ager und Traun und die Seen erstrecken sich entlang der 680 km langen Route. In der Reitlandkarte finden Sie neben den Wegen auch Gasth\u00f6fe, Unterk\u00fcnfte und Sehensw\u00fcrdigkeiten, damit Ihr Ritt im Gebiet der Traunreiter zum unvergesslichen Erlebnis und Sie zum Traumreiter [&hellip;]\" \/>\n<meta property=\"og:url\" content=\"https:\/\/www.traunreiter.at\/site\/landschaft-idylle\/\" \/>\n<meta property=\"og:site_name\" content=\"Traunreiter\" \/>\n<meta property=\"article:published_time\" content=\"2013-05-29T14:53:43+00:00\" \/>\n<meta property=\"article:modified_time\" content=\"2020-05-16T09:54:19+00:00\" \/>\n<meta property=\"og:image\" content=\"https:\/\/www.traunreiter.at\/site\/wp-content\/uploads\/2013\/06\/startseite_teaser2.jpg\" \/>\n\t<meta property=\"og:image:width\" content=\"253\" \/>\n\t<meta property=\"og:image:height\" content=\"168\" \/>\n\t<meta property=\"og:image:type\" content=\"image\/jpeg\" \/>\n<meta name=\"author\" content=\"avogardo\" \/>\n<meta name=\"twitter:label1\" content=\"Verfasst von\" \/>\n\t<meta name=\"twitter:data1\" content=\"avogardo\" \/>\n<script type=\"application\/ld+json\" class=\"yoast-schema-graph\">{\"@context\":\"https:\/\/schema.org\",\"@graph\":[{\"@type\":\"Article\",\"@id\":\"https:\/\/www.traunreiter.at\/site\/landschaft-idylle\/#article\",\"isPartOf\":{\"@id\":\"https:\/\/www.traunreiter.at\/site\/landschaft-idylle\/\"},\"author\":{\"name\":\"avogardo\",\"@id\":\"https:\/\/www.traunreiter.at\/site\/#\/schema\/person\/0c42b83c40805a45c1267b0a4e45ee97\"},\"headline\":\"Landschaft &#038; Idylle\",\"datePublished\":\"2013-05-29T14:53:43+00:00\",\"dateModified\":\"2020-05-16T09:54:19+00:00\",\"mainEntityOfPage\":{\"@id\":\"https:\/\/www.traunreiter.at\/site\/landschaft-idylle\/\"},\"wordCount\":63,\"commentCount\":0,\"publisher\":{\"@id\":\"https:\/\/www.traunreiter.at\/site\/#organization\"},\"image\":{\"@id\":\"https:\/\/www.traunreiter.at\/site\/landschaft-idylle\/#primaryimage\"},\"thumbnailUrl\":\"https:\/\/www.traunreiter.at\/site\/wp-content\/uploads\/2013\/06\/startseite_teaser2.jpg\",\"articleSection\":[\"Home\"],\"inLanguage\":\"de\",\"potentialAction\":[{\"@type\":\"CommentAction\",\"name\":\"Comment\",\"target\":[\"https:\/\/www.traunreiter.at\/site\/landschaft-idylle\/#respond\"]}]},{\"@type\":\"WebPage\",\"@id\":\"https:\/\/www.traunreiter.at\/site\/landschaft-idylle\/\",\"url\":\"https:\/\/www.traunreiter.at\/site\/landschaft-idylle\/\",\"name\":\"Landschaft & Idylle - Traunreiter\",\"isPartOf\":{\"@id\":\"https:\/\/www.traunreiter.at\/site\/#website\"},\"primaryImageOfPage\":{\"@id\":\"https:\/\/www.traunreiter.at\/site\/landschaft-idylle\/#primaryimage\"},\"image\":{\"@id\":\"https:\/\/www.traunreiter.at\/site\/landschaft-idylle\/#primaryimage\"},\"thumbnailUrl\":\"https:\/\/www.traunreiter.at\/site\/wp-content\/uploads\/2013\/06\/startseite_teaser2.jpg\",\"datePublished\":\"2013-05-29T14:53:43+00:00\",\"dateModified\":\"2020-05-16T09:54:19+00:00\",\"breadcrumb\":{\"@id\":\"https:\/\/www.traunreiter.at\/site\/landschaft-idylle\/#breadcrumb\"},\"inLanguage\":\"de\",\"potentialAction\":[{\"@type\":\"ReadAction\",\"target\":[\"https:\/\/www.traunreiter.at\/site\/landschaft-idylle\/\"]}]},{\"@type\":\"ImageObject\",\"inLanguage\":\"de\",\"@id\":\"https:\/\/www.traunreiter.at\/site\/landschaft-idylle\/#primaryimage\",\"url\":\"https:\/\/www.traunreiter.at\/site\/wp-content\/uploads\/2013\/06\/startseite_teaser2.jpg\",\"contentUrl\":\"https:\/\/www.traunreiter.at\/site\/wp-content\/uploads\/2013\/06\/startseite_teaser2.jpg\",\"width\":253,\"height\":168},{\"@type\":\"BreadcrumbList\",\"@id\":\"https:\/\/www.traunreiter.at\/site\/landschaft-idylle\/#breadcrumb\",\"itemListElement\":[{\"@type\":\"ListItem\",\"position\":1,\"name\":\"Home\",\"item\":\"https:\/\/www.traunreiter.at\/site\/\"},{\"@type\":\"ListItem\",\"position\":2,\"name\":\"Landschaft &#038; Idylle\"}]},{\"@type\":\"WebSite\",\"@id\":\"https:\/\/www.traunreiter.at\/site\/#website\",\"url\":\"https:\/\/www.traunreiter.at\/site\/\",\"name\":\"Traunreiter\",\"description\":\"Der Reitbetrieb in Ober\u00f6sterreich\",\"publisher\":{\"@id\":\"https:\/\/www.traunreiter.at\/site\/#organization\"},\"potentialAction\":[{\"@type\":\"SearchAction\",\"target\":{\"@type\":\"EntryPoint\",\"urlTemplate\":\"https:\/\/www.traunreiter.at\/site\/?s={search_term_string}\"},\"query-input\":{\"@type\":\"PropertyValueSpecification\",\"valueRequired\":true,\"valueName\":\"search_term_string\"}}],\"inLanguage\":\"de\"},{\"@type\":\"Organization\",\"@id\":\"https:\/\/www.traunreiter.at\/site\/#organization\",\"name\":\"Traunreiter\",\"url\":\"https:\/\/www.traunreiter.at\/site\/\",\"logo\":{\"@type\":\"ImageObject\",\"inLanguage\":\"de\",\"@id\":\"https:\/\/www.traunreiter.at\/site\/#\/schema\/logo\/image\/\",\"url\":\"https:\/\/www.traunreiter.at\/site\/wp-content\/uploads\/2024\/10\/logo.png\",\"contentUrl\":\"https:\/\/www.traunreiter.at\/site\/wp-content\/uploads\/2024\/10\/logo.png\",\"width\":267,\"height\":131,\"caption\":\"Traunreiter\"},\"image\":{\"@id\":\"https:\/\/www.traunreiter.at\/site\/#\/schema\/logo\/image\/\"}},{\"@type\":\"Person\",\"@id\":\"https:\/\/www.traunreiter.at\/site\/#\/schema\/person\/0c42b83c40805a45c1267b0a4e45ee97\",\"name\":\"avogardo\",\"image\":{\"@type\":\"ImageObject\",\"inLanguage\":\"de\",\"@id\":\"https:\/\/www.traunreiter.at\/site\/#\/schema\/person\/image\/\",\"url\":\"https:\/\/secure.gravatar.com\/avatar\/be2436c39ceab65878115787e353559b?s=96&d=mm&r=g\",\"contentUrl\":\"https:\/\/secure.gravatar.com\/avatar\/be2436c39ceab65878115787e353559b?s=96&d=mm&r=g\",\"caption\":\"avogardo\"},\"url\":\"https:\/\/www.traunreiter.at\/site\/author\/avogardo\/\"}]}<\/script>\n<!-- \/ Yoast SEO plugin. -->","yoast_head_json":{"title":"Landschaft & Idylle - Traunreiter","robots":{"index":"index","follow":"follow","max-snippet":"max-snippet:-1","max-image-preview":"max-image-preview:large","max-video-preview":"max-video-preview:-1"},"canonical":"https:\/\/www.traunreiter.at\/site\/landschaft-idylle\/","og_locale":"de_DE","og_type":"article","og_title":"Landschaft & Idylle - Traunreiter","og_description":"Das landschaftlich abwechslungsreiche Gebiet des Alpenvorlands ist hervorragend als Reitregion geeignet. Die Fl\u00fcsse V\u00f6ckla, Ager und Traun und die Seen erstrecken sich entlang der 680 km langen Route. In der Reitlandkarte finden Sie neben den Wegen auch Gasth\u00f6fe, Unterk\u00fcnfte und Sehensw\u00fcrdigkeiten, damit Ihr Ritt im Gebiet der Traunreiter zum unvergesslichen Erlebnis und Sie zum Traumreiter [&hellip;]","og_url":"https:\/\/www.traunreiter.at\/site\/landschaft-idylle\/","og_site_name":"Traunreiter","article_published_time":"2013-05-29T14:53:43+00:00","article_modified_time":"2020-05-16T09:54:19+00:00","og_image":[{"width":253,"height":168,"url":"https:\/\/www.traunreiter.at\/site\/wp-content\/uploads\/2013\/06\/startseite_teaser2.jpg","type":"image\/jpeg"}],"author":"avogardo","twitter_misc":{"Verfasst von":"avogardo"},"schema":{"@context":"https:\/\/schema.org","@graph":[{"@type":"Article","@id":"https:\/\/www.traunreiter.at\/site\/landschaft-idylle\/#article","isPartOf":{"@id":"https:\/\/www.traunreiter.at\/site\/landschaft-idylle\/"},"author":{"name":"avogardo","@id":"https:\/\/www.traunreiter.at\/site\/#\/schema\/person\/0c42b83c40805a45c1267b0a4e45ee97"},"headline":"Landschaft &#038; Idylle","datePublished":"2013-05-29T14:53:43+00:00","dateModified":"2020-05-16T09:54:19+00:00","mainEntityOfPage":{"@id":"https:\/\/www.traunreiter.at\/site\/landschaft-idylle\/"},"wordCount":63,"commentCount":0,"publisher":{"@id":"https:\/\/www.traunreiter.at\/site\/#organization"},"image":{"@id":"https:\/\/www.traunreiter.at\/site\/landschaft-idylle\/#primaryimage"},"thumbnailUrl":"https:\/\/www.traunreiter.at\/site\/wp-content\/uploads\/2013\/06\/startseite_teaser2.jpg","articleSection":["Home"],"inLanguage":"de","potentialAction":[{"@type":"CommentAction","name":"Comment","target":["https:\/\/www.traunreiter.at\/site\/landschaft-idylle\/#respond"]}]},{"@type":"WebPage","@id":"https:\/\/www.traunreiter.at\/site\/landschaft-idylle\/","url":"https:\/\/www.traunreiter.at\/site\/landschaft-idylle\/","name":"Landschaft & Idylle - Traunreiter","isPartOf":{"@id":"https:\/\/www.traunreiter.at\/site\/#website"},"primaryImageOfPage":{"@id":"https:\/\/www.traunreiter.at\/site\/landschaft-idylle\/#primaryimage"},"image":{"@id":"https:\/\/www.traunreiter.at\/site\/landschaft-idylle\/#primaryimage"},"thumbnailUrl":"https:\/\/www.traunreiter.at\/site\/wp-content\/uploads\/2013\/06\/startseite_teaser2.jpg","datePublished":"2013-05-29T14:53:43+00:00","dateModified":"2020-05-16T09:54:19+00:00","breadcrumb":{"@id":"https:\/\/www.traunreiter.at\/site\/landschaft-idylle\/#breadcrumb"},"inLanguage":"de","potentialAction":[{"@type":"ReadAction","target":["https:\/\/www.traunreiter.at\/site\/landschaft-idylle\/"]}]},{"@type":"ImageObject","inLanguage":"de","@id":"https:\/\/www.traunreiter.at\/site\/landschaft-idylle\/#primaryimage","url":"https:\/\/www.traunreiter.at\/site\/wp-content\/uploads\/2013\/06\/startseite_teaser2.jpg","contentUrl":"https:\/\/www.traunreiter.at\/site\/wp-content\/uploads\/2013\/06\/startseite_teaser2.jpg","width":253,"height":168},{"@type":"BreadcrumbList","@id":"https:\/\/www.traunreiter.at\/site\/landschaft-idylle\/#breadcrumb","itemListElement":[{"@type":"ListItem","position":1,"name":"Home","item":"https:\/\/www.traunreiter.at\/site\/"},{"@type":"ListItem","position":2,"name":"Landschaft &#038; Idylle"}]},{"@type":"WebSite","@id":"https:\/\/www.traunreiter.at\/site\/#website","url":"https:\/\/www.traunreiter.at\/site\/","name":"Traunreiter","description":"Der Reitbetrieb in Ober\u00f6sterreich","publisher":{"@id":"https:\/\/www.traunreiter.at\/site\/#organization"},"potentialAction":[{"@type":"SearchAction","target":{"@type":"EntryPoint","urlTemplate":"https:\/\/www.traunreiter.at\/site\/?s={search_term_string}"},"query-input":{"@type":"PropertyValueSpecification","valueRequired":true,"valueName":"search_term_string"}}],"inLanguage":"de"},{"@type":"Organization","@id":"https:\/\/www.traunreiter.at\/site\/#organization","name":"Traunreiter","url":"https:\/\/www.traunreiter.at\/site\/","logo":{"@type":"ImageObject","inLanguage":"de","@id":"https:\/\/www.traunreiter.at\/site\/#\/schema\/logo\/image\/","url":"https:\/\/www.traunreiter.at\/site\/wp-content\/uploads\/2024\/10\/logo.png","contentUrl":"https:\/\/www.traunreiter.at\/site\/wp-content\/uploads\/2024\/10\/logo.png","width":267,"height":131,"caption":"Traunreiter"},"image":{"@id":"https:\/\/www.traunreiter.at\/site\/#\/schema\/logo\/image\/"}},{"@type":"Person","@id":"https:\/\/www.traunreiter.at\/site\/#\/schema\/person\/0c42b83c40805a45c1267b0a4e45ee97","name":"avogardo","image":{"@type":"ImageObject","inLanguage":"de","@id":"https:\/\/www.traunreiter.at\/site\/#\/schema\/person\/image\/","url":"https:\/\/secure.gravatar.com\/avatar\/be2436c39ceab65878115787e353559b?s=96&d=mm&r=g","contentUrl":"https:\/\/secure.gravatar.com\/avatar\/be2436c39ceab65878115787e353559b?s=96&d=mm&r=g","caption":"avogardo"},"url":"https:\/\/www.traunreiter.at\/site\/author\/avogardo\/"}]}},"_links":{"self":[{"href":"https:\/\/www.traunreiter.at\/site\/wp-json\/wp\/v2\/posts\/94"}],"collection":[{"href":"https:\/\/www.traunreiter.at\/site\/wp-json\/wp\/v2\/posts"}],"about":[{"href":"https:\/\/www.traunreiter.at\/site\/wp-json\/wp\/v2\/types\/post"}],"author":[{"embeddable":true,"href":"https:\/\/www.traunreiter.at\/site\/wp-json\/wp\/v2\/users\/1"}],"replies":[{"embeddable":true,"href":"https:\/\/www.traunreiter.at\/site\/wp-json\/wp\/v2\/comments?post=94"}],"version-history":[{"count":9,"href":"https:\/\/www.traunreiter.at\/site\/wp-json\/wp\/v2\/posts\/94\/revisions"}],"predecessor-version":[{"id":594,"href":"https:\/\/www.traunreiter.at\/site\/wp-json\/wp\/v2\/posts\/94\/revisions\/594"}],"wp:featuredmedia":[{"embeddable":true,"href":"https:\/\/www.traunreiter.at\/site\/wp-json\/wp\/v2\/media\/42"}],"wp:attachment":[{"href":"https:\/\/www.traunreiter.at\/site\/wp-json\/wp\/v2\/media?parent=94"}],"wp:term":[{"taxonomy":"category","embeddable":true,"href":"https:\/\/www.traunreiter.at\/site\/wp-json\/wp\/v2\/categories?post=94"},{"taxonomy":"post_tag","embeddable":true,"href":"https:\/\/www.traunreiter.at\/site\/wp-json\/wp\/v2\/tags?post=94"}],"curies":[{"name":"wp","href":"https:\/\/api.w.org\/{rel}","templated":true}]}}